{"id":3541,"date":"2022-05-10T14:39:29","date_gmt":"2022-05-10T11:39:29","guid":{"rendered":"https:\/\/upglobal.net\/?p=3541"},"modified":"2022-05-10T14:39:29","modified_gmt":"2022-05-10T11:39:29","slug":"elaminen-yksityiskoulun-kampuksella","status":"publish","type":"post","link":"https:\/\/upglobal.net\/fi\/elaminen-yksityiskoulun-kampuksella\/","title":{"rendered":"El\u00e4minen yksityiskoulun kampuksella"},"content":{"rendered":"<h3>Harrastaminen, opiskelu ja el\u00e4minen koulun kampuksella<\/h3>\n<p>Saapuessani Kanadaan opiskelemaan minulle tuli suurena yll\u00e4tyksen\u00e4 se, kuinka tiivis yhteis\u00f6 kouluni oppilaat ovat. Kaikki tulevat toistensa kanssa helposti juttuun ja kavereista on muodostunut niin sanotusti uusi perhe.\u00a0 Mik\u00e4 on tietenkin seuraus siit\u00e4, ett\u00e4 suurin osa koulua k\u00e4yvist\u00e4 oppilaista asuu kampuksella. Tyt\u00f6ille ja pojille on omat asuntolat, joissa asutaan samalla luokka-asteella olevien kanssa. Asun itse asuntolassa, jonne on majoitettu kaikki 10 ja 11 luokkalaiset pojat eli yhteens\u00e4 noin 60 oppilasta.\u00a0 Meid\u00e4n asuntolan tilat koostuvat kaikessa yksinkertaisuudessaan kellarista ja kolmesta kerroksesta, joissa oppilaiden huoneet sijaitsevat sek\u00e4 isosta salista jossa pidet\u00e4\u00e4n koulun n\u00e4ytelm\u00e4t ja TOD-tilasta, jossa valvoja p\u00e4ivyst\u00e4\u00e4 p\u00e4ivitt\u00e4in.<\/p>\n<p><img fetchpriority=\"high\" decoding=\"async\" class=\"alignnone wp-image-3542\" src=\"https:\/\/upglobal.net\/wp-content\/uploads\/2022\/05\/Tomas-1-300x200.jpg\" alt=\"\" width=\"807\" height=\"538\" srcset=\"https:\/\/upglobal.net\/wp-content\/uploads\/2022\/05\/Tomas-1-300x200.jpg 300w, https:\/\/upglobal.net\/wp-content\/uploads\/2022\/05\/Tomas-1-1024x683.jpg 1024w, https:\/\/upglobal.net\/wp-content\/uploads\/2022\/05\/Tomas-1-768x512.jpg 768w, https:\/\/upglobal.net\/wp-content\/uploads\/2022\/05\/Tomas-1-1536x1024.jpg 1536w, https:\/\/upglobal.net\/wp-content\/uploads\/2022\/05\/Tomas-1-18x12.jpg 18w, https:\/\/upglobal.net\/wp-content\/uploads\/2022\/05\/Tomas-1.jpg 1620w\" sizes=\"(max-width: 807px) 100vw, 807px\" \/><\/p>\n<p>Kavereiden kanssa tulee vietetty\u00e4 aikaa erityisen paljon, yhteisten harrastusten, koulutuntien sek\u00e4 kampuksella asumisen vuoksi. Suurin osa vapaa ajastakin kuluu useimmiten kavereiden seurassa, joka on mielest\u00e4ni oikein mainiota ja hyvin erilaista tavalliseen arkeen verrattuna Suomessa. Asiaa t\u00e4\u00e4ll\u00e4 helpottaa toki se, ett\u00e4 parhaat kaverisi asuvat metrien p\u00e4\u00e4ss\u00e4 sinusta.<\/p>\n<p>Hyvi\u00e4 puolia kavereiden kanssa kampuksella asumisessa on monia. Aina l\u00f6ytyy joku, jonka kanssa viett\u00e4\u00e4 aikaa ja jutella niit\u00e4 n\u00e4it\u00e4. Kaikkien kampuksella asuvien oppilaiden arjen rakenne on suht samanlainen, mik\u00e4 tarkoittaa sit\u00e4, ett\u00e4 kaverilta on helppo kysy\u00e4 apua, jos jokin asia h\u00e4mment\u00e4\u00e4 tai tuntuu hankalalta kouluun tai urheiluun liittyen. T\u00e4m\u00e4 helpottaa my\u00f6s jokseenkin aikatauluissa pysymist\u00e4, kun kaikkien harrastukset on ajoitettu suht samoille aika-akseleille ja kaikkien p\u00e4iv\u00e4n ensimm\u00e4inen oppitunti alkaa samaan aikaan. Toki joskus voi olla hyppytunteja, jotka aiheuttavat poikkeuksia.<\/p>\n<p><img decoding=\"async\" class=\"alignnone wp-image-3543\" src=\"https:\/\/upglobal.net\/wp-content\/uploads\/2022\/05\/Tomas-2-300x200.jpg\" alt=\"\" width=\"809\" height=\"539\" srcset=\"https:\/\/upglobal.net\/wp-content\/uploads\/2022\/05\/Tomas-2-300x200.jpg 300w, https:\/\/upglobal.net\/wp-content\/uploads\/2022\/05\/Tomas-2-1024x683.jpg 1024w, https:\/\/upglobal.net\/wp-content\/uploads\/2022\/05\/Tomas-2-768x512.jpg 768w, https:\/\/upglobal.net\/wp-content\/uploads\/2022\/05\/Tomas-2-1536x1024.jpg 1536w, https:\/\/upglobal.net\/wp-content\/uploads\/2022\/05\/Tomas-2-18x12.jpg 18w, https:\/\/upglobal.net\/wp-content\/uploads\/2022\/05\/Tomas-2.jpg 1620w\" sizes=\"(max-width: 809px) 100vw, 809px\" \/><\/p>\n<p>Kavereiden kanssa kampuksella asumisella saattaa olla vaikutuksia koko loppu el\u00e4m\u00e4\u00e4n, sill\u00e4 kyseisess\u00e4 ymp\u00e4rist\u00f6ss\u00e4 sosiaaliset taidot kehittyv\u00e4t ja monista tulee rohkeampia. My\u00f6s suurin osa kyseisen ajan kaverisuhteista kehittyv\u00e4t sille tasolle, ett\u00e4 ne saattavat kest\u00e4\u00e4 vuosien ajan, vaikka toinen asuukin toisella puolella maapalloa.<\/p>\n<p><em>Tomas<\/em><\/p>\n","protected":false},"excerpt":{"rendered":"<p>Harrastaminen, opiskelu ja el\u00e4minen koulun kampuksella Saapuessani Kanadaan opiskelemaan minulle tuli suurena yll\u00e4tyksen\u00e4 se, kuinka tiivis yhteis\u00f6 kouluni oppilaat ovat. Kaikki tulevat toistensa kanssa helposti juttuun ja kavereista on muodostunut niin sanotusti uusi perhe.\u00a0 Mik\u00e4 on tietenkin seuraus siit\u00e4, ett\u00e4 suurin osa koulua k\u00e4yvist\u00e4 oppilaista asuu kampuksella. Tyt\u00f6ille ja pojille on omat asuntolat, joissa asutaan [&hellip;]<\/p>\n","protected":false},"author":10,"featured_media":3544,"comment_status":"open","ping_status":"open","sticky":false,"template":"","format":"standard","meta":{"footnotes":""},"categories":[1],"tags":[],"class_list":["post-3541","post","type-post","status-publish","format-standard","has-post-thumbnail","hentry","category-uncategorized"],"yoast_head":"<!-- This site is optimized with the Yoast SEO plugin v26.8 - https:\/\/yoast.com\/product\/yoast-seo-wordpress\/ -->\n<title>El\u00e4minen yksityiskoulun kampuksella - UP Global<\/title>\n<meta name=\"robots\" content=\"index, follow, max-snippet:-1, max-image-preview:large, max-video-preview:-1\" \/>\n<link rel=\"canonical\" href=\"https:\/\/upglobal.net\/fi\/elaminen-yksityiskoulun-kampuksella\/\" \/>\n<meta property=\"og:locale\" content=\"fi_FI\" \/>\n<meta property=\"og:type\" content=\"article\" \/>\n<meta property=\"og:title\" content=\"El\u00e4minen yksityiskoulun kampuksella - UP Global\" \/>\n<meta property=\"og:description\" content=\"Harrastaminen, opiskelu ja el\u00e4minen koulun kampuksella Saapuessani Kanadaan opiskelemaan minulle tuli suurena yll\u00e4tyksen\u00e4 se, kuinka tiivis yhteis\u00f6 kouluni oppilaat ovat. Kaikki tulevat toistensa kanssa helposti juttuun ja kavereista on muodostunut niin sanotusti uusi perhe.\u00a0 Mik\u00e4 on tietenkin seuraus siit\u00e4, ett\u00e4 suurin osa koulua k\u00e4yvist\u00e4 oppilaista asuu kampuksella. Tyt\u00f6ille ja pojille on omat asuntolat, joissa asutaan [&hellip;]\" \/>\n<meta property=\"og:url\" content=\"https:\/\/upglobal.net\/fi\/elaminen-yksityiskoulun-kampuksella\/\" \/>\n<meta property=\"og:site_name\" content=\"UP Global\" \/>\n<meta property=\"article:published_time\" content=\"2022-05-10T11:39:29+00:00\" \/>\n<meta property=\"og:image\" content=\"https:\/\/upglobal.net\/wp-content\/uploads\/2022\/05\/hermes-rivera-ahHn48-zKWo-unsplash1-scaled-1.jpg\" \/>\n\t<meta property=\"og:image:width\" content=\"2560\" \/>\n\t<meta property=\"og:image:height\" content=\"800\" \/>\n\t<meta property=\"og:image:type\" content=\"image\/jpeg\" \/>\n<meta name=\"author\" content=\"TeamUP\" \/>\n<meta name=\"twitter:card\" content=\"summary_large_image\" \/>\n<meta name=\"twitter:label1\" content=\"Kirjoittanut\" \/>\n\t<meta name=\"twitter:data1\" content=\"TeamUP\" \/>\n\t<meta name=\"twitter:label2\" content=\"Arvioitu lukuaika\" \/>\n\t<meta name=\"twitter:data2\" content=\"2 minuuttia\" \/>\n<script type=\"application\/ld+json\" class=\"yoast-schema-graph\">{\"@context\":\"https:\/\/schema.org\",\"@graph\":[{\"@type\":\"Article\",\"@id\":\"https:\/\/upglobal.net\/elaminen-yksityiskoulun-kampuksella\/#article\",\"isPartOf\":{\"@id\":\"https:\/\/upglobal.net\/elaminen-yksityiskoulun-kampuksella\/\"},\"author\":{\"name\":\"TeamUP\",\"@id\":\"https:\/\/upglobal.net\/fi\/#\/schema\/person\/253c57357140afcdf1aa289f78538624\"},\"headline\":\"El\u00e4minen yksityiskoulun kampuksella\",\"datePublished\":\"2022-05-10T11:39:29+00:00\",\"mainEntityOfPage\":{\"@id\":\"https:\/\/upglobal.net\/elaminen-yksityiskoulun-kampuksella\/\"},\"wordCount\":299,\"commentCount\":0,\"publisher\":{\"@id\":\"https:\/\/upglobal.net\/fi\/#organization\"},\"image\":{\"@id\":\"https:\/\/upglobal.net\/elaminen-yksityiskoulun-kampuksella\/#primaryimage\"},\"thumbnailUrl\":\"https:\/\/upglobal.net\/wp-content\/uploads\/2022\/05\/hermes-rivera-ahHn48-zKWo-unsplash1-scaled-1.jpg\",\"articleSection\":[\"Uncategorized\"],\"inLanguage\":\"fi\",\"potentialAction\":[{\"@type\":\"CommentAction\",\"name\":\"Comment\",\"target\":[\"https:\/\/upglobal.net\/elaminen-yksityiskoulun-kampuksella\/#respond\"]}]},{\"@type\":\"WebPage\",\"@id\":\"https:\/\/upglobal.net\/elaminen-yksityiskoulun-kampuksella\/\",\"url\":\"https:\/\/upglobal.net\/elaminen-yksityiskoulun-kampuksella\/\",\"name\":\"El\u00e4minen yksityiskoulun kampuksella - UP Global\",\"isPartOf\":{\"@id\":\"https:\/\/upglobal.net\/fi\/#website\"},\"primaryImageOfPage\":{\"@id\":\"https:\/\/upglobal.net\/elaminen-yksityiskoulun-kampuksella\/#primaryimage\"},\"image\":{\"@id\":\"https:\/\/upglobal.net\/elaminen-yksityiskoulun-kampuksella\/#primaryimage\"},\"thumbnailUrl\":\"https:\/\/upglobal.net\/wp-content\/uploads\/2022\/05\/hermes-rivera-ahHn48-zKWo-unsplash1-scaled-1.jpg\",\"datePublished\":\"2022-05-10T11:39:29+00:00\",\"breadcrumb\":{\"@id\":\"https:\/\/upglobal.net\/elaminen-yksityiskoulun-kampuksella\/#breadcrumb\"},\"inLanguage\":\"fi\",\"potentialAction\":[{\"@type\":\"ReadAction\",\"target\":[\"https:\/\/upglobal.net\/elaminen-yksityiskoulun-kampuksella\/\"]}]},{\"@type\":\"ImageObject\",\"inLanguage\":\"fi\",\"@id\":\"https:\/\/upglobal.net\/elaminen-yksityiskoulun-kampuksella\/#primaryimage\",\"url\":\"https:\/\/upglobal.net\/wp-content\/uploads\/2022\/05\/hermes-rivera-ahHn48-zKWo-unsplash1-scaled-1.jpg\",\"contentUrl\":\"https:\/\/upglobal.net\/wp-content\/uploads\/2022\/05\/hermes-rivera-ahHn48-zKWo-unsplash1-scaled-1.jpg\",\"width\":2560,\"height\":800},{\"@type\":\"BreadcrumbList\",\"@id\":\"https:\/\/upglobal.net\/elaminen-yksityiskoulun-kampuksella\/#breadcrumb\",\"itemListElement\":[{\"@type\":\"ListItem\",\"position\":1,\"name\":\"Home\",\"item\":\"https:\/\/upglobal.net\/\"},{\"@type\":\"ListItem\",\"position\":2,\"name\":\"El\u00e4minen yksityiskoulun kampuksella\"}]},{\"@type\":\"WebSite\",\"@id\":\"https:\/\/upglobal.net\/fi\/#website\",\"url\":\"https:\/\/upglobal.net\/fi\/\",\"name\":\"UP Global\",\"description\":\"\",\"publisher\":{\"@id\":\"https:\/\/upglobal.net\/fi\/#organization\"},\"potentialAction\":[{\"@type\":\"SearchAction\",\"target\":{\"@type\":\"EntryPoint\",\"urlTemplate\":\"https:\/\/upglobal.net\/fi\/?s={search_term_string}\"},\"query-input\":{\"@type\":\"PropertyValueSpecification\",\"valueRequired\":true,\"valueName\":\"search_term_string\"}}],\"inLanguage\":\"fi\"},{\"@type\":\"Organization\",\"@id\":\"https:\/\/upglobal.net\/fi\/#organization\",\"name\":\"UP Global\",\"url\":\"https:\/\/upglobal.net\/fi\/\",\"logo\":{\"@type\":\"ImageObject\",\"inLanguage\":\"fi\",\"@id\":\"https:\/\/upglobal.net\/fi\/#\/schema\/logo\/image\/\",\"url\":\"https:\/\/upglobal.net\/wp-content\/uploads\/2024\/03\/UP_logo_RGB_01_sinharmaa.svg\",\"contentUrl\":\"https:\/\/upglobal.net\/wp-content\/uploads\/2024\/03\/UP_logo_RGB_01_sinharmaa.svg\",\"caption\":\"UP Global\"},\"image\":{\"@id\":\"https:\/\/upglobal.net\/fi\/#\/schema\/logo\/image\/\"}},{\"@type\":\"Person\",\"@id\":\"https:\/\/upglobal.net\/fi\/#\/schema\/person\/253c57357140afcdf1aa289f78538624\",\"name\":\"TeamUP\",\"image\":{\"@type\":\"ImageObject\",\"inLanguage\":\"fi\",\"@id\":\"https:\/\/upglobal.net\/fi\/#\/schema\/person\/image\/\",\"url\":\"https:\/\/secure.gravatar.com\/avatar\/e602cde1dace9d80cd0cdea09bf50b6f3ac522df14687e730660b835decb930d?s=96&d=mm&r=g\",\"contentUrl\":\"https:\/\/secure.gravatar.com\/avatar\/e602cde1dace9d80cd0cdea09bf50b6f3ac522df14687e730660b835decb930d?s=96&d=mm&r=g\",\"caption\":\"TeamUP\"},\"url\":\"https:\/\/upglobal.net\/fi\/author\/teamup\/\"}]}<\/script>\n<!-- \/ Yoast SEO plugin. -->","yoast_head_json":{"title":"El\u00e4minen yksityiskoulun kampuksella - UP Global","robots":{"index":"index","follow":"follow","max-snippet":"max-snippet:-1","max-image-preview":"max-image-preview:large","max-video-preview":"max-video-preview:-1"},"canonical":"https:\/\/upglobal.net\/fi\/elaminen-yksityiskoulun-kampuksella\/","og_locale":"fi_FI","og_type":"article","og_title":"El\u00e4minen yksityiskoulun kampuksella - UP Global","og_description":"Harrastaminen, opiskelu ja el\u00e4minen koulun kampuksella Saapuessani Kanadaan opiskelemaan minulle tuli suurena yll\u00e4tyksen\u00e4 se, kuinka tiivis yhteis\u00f6 kouluni oppilaat ovat. Kaikki tulevat toistensa kanssa helposti juttuun ja kavereista on muodostunut niin sanotusti uusi perhe.\u00a0 Mik\u00e4 on tietenkin seuraus siit\u00e4, ett\u00e4 suurin osa koulua k\u00e4yvist\u00e4 oppilaista asuu kampuksella. Tyt\u00f6ille ja pojille on omat asuntolat, joissa asutaan [&hellip;]","og_url":"https:\/\/upglobal.net\/fi\/elaminen-yksityiskoulun-kampuksella\/","og_site_name":"UP Global","article_published_time":"2022-05-10T11:39:29+00:00","og_image":[{"width":2560,"height":800,"url":"https:\/\/upglobal.net\/wp-content\/uploads\/2022\/05\/hermes-rivera-ahHn48-zKWo-unsplash1-scaled-1.jpg","type":"image\/jpeg"}],"author":"TeamUP","twitter_card":"summary_large_image","twitter_misc":{"Kirjoittanut":"TeamUP","Arvioitu lukuaika":"2 minuuttia"},"schema":{"@context":"https:\/\/schema.org","@graph":[{"@type":"Article","@id":"https:\/\/upglobal.net\/elaminen-yksityiskoulun-kampuksella\/#article","isPartOf":{"@id":"https:\/\/upglobal.net\/elaminen-yksityiskoulun-kampuksella\/"},"author":{"name":"TeamUP","@id":"https:\/\/upglobal.net\/fi\/#\/schema\/person\/253c57357140afcdf1aa289f78538624"},"headline":"El\u00e4minen yksityiskoulun kampuksella","datePublished":"2022-05-10T11:39:29+00:00","mainEntityOfPage":{"@id":"https:\/\/upglobal.net\/elaminen-yksityiskoulun-kampuksella\/"},"wordCount":299,"commentCount":0,"publisher":{"@id":"https:\/\/upglobal.net\/fi\/#organization"},"image":{"@id":"https:\/\/upglobal.net\/elaminen-yksityiskoulun-kampuksella\/#primaryimage"},"thumbnailUrl":"https:\/\/upglobal.net\/wp-content\/uploads\/2022\/05\/hermes-rivera-ahHn48-zKWo-unsplash1-scaled-1.jpg","articleSection":["Uncategorized"],"inLanguage":"fi","potentialAction":[{"@type":"CommentAction","name":"Comment","target":["https:\/\/upglobal.net\/elaminen-yksityiskoulun-kampuksella\/#respond"]}]},{"@type":"WebPage","@id":"https:\/\/upglobal.net\/elaminen-yksityiskoulun-kampuksella\/","url":"https:\/\/upglobal.net\/elaminen-yksityiskoulun-kampuksella\/","name":"El\u00e4minen yksityiskoulun kampuksella - UP Global","isPartOf":{"@id":"https:\/\/upglobal.net\/fi\/#website"},"primaryImageOfPage":{"@id":"https:\/\/upglobal.net\/elaminen-yksityiskoulun-kampuksella\/#primaryimage"},"image":{"@id":"https:\/\/upglobal.net\/elaminen-yksityiskoulun-kampuksella\/#primaryimage"},"thumbnailUrl":"https:\/\/upglobal.net\/wp-content\/uploads\/2022\/05\/hermes-rivera-ahHn48-zKWo-unsplash1-scaled-1.jpg","datePublished":"2022-05-10T11:39:29+00:00","breadcrumb":{"@id":"https:\/\/upglobal.net\/elaminen-yksityiskoulun-kampuksella\/#breadcrumb"},"inLanguage":"fi","potentialAction":[{"@type":"ReadAction","target":["https:\/\/upglobal.net\/elaminen-yksityiskoulun-kampuksella\/"]}]},{"@type":"ImageObject","inLanguage":"fi","@id":"https:\/\/upglobal.net\/elaminen-yksityiskoulun-kampuksella\/#primaryimage","url":"https:\/\/upglobal.net\/wp-content\/uploads\/2022\/05\/hermes-rivera-ahHn48-zKWo-unsplash1-scaled-1.jpg","contentUrl":"https:\/\/upglobal.net\/wp-content\/uploads\/2022\/05\/hermes-rivera-ahHn48-zKWo-unsplash1-scaled-1.jpg","width":2560,"height":800},{"@type":"BreadcrumbList","@id":"https:\/\/upglobal.net\/elaminen-yksityiskoulun-kampuksella\/#breadcrumb","itemListElement":[{"@type":"ListItem","position":1,"name":"Home","item":"https:\/\/upglobal.net\/"},{"@type":"ListItem","position":2,"name":"El\u00e4minen yksityiskoulun kampuksella"}]},{"@type":"WebSite","@id":"https:\/\/upglobal.net\/fi\/#website","url":"https:\/\/upglobal.net\/fi\/","name":"UP Global","description":"","publisher":{"@id":"https:\/\/upglobal.net\/fi\/#organization"},"potentialAction":[{"@type":"SearchAction","target":{"@type":"EntryPoint","urlTemplate":"https:\/\/upglobal.net\/fi\/?s={search_term_string}"},"query-input":{"@type":"PropertyValueSpecification","valueRequired":true,"valueName":"search_term_string"}}],"inLanguage":"fi"},{"@type":"Organization","@id":"https:\/\/upglobal.net\/fi\/#organization","name":"UP Global","url":"https:\/\/upglobal.net\/fi\/","logo":{"@type":"ImageObject","inLanguage":"fi","@id":"https:\/\/upglobal.net\/fi\/#\/schema\/logo\/image\/","url":"https:\/\/upglobal.net\/wp-content\/uploads\/2024\/03\/UP_logo_RGB_01_sinharmaa.svg","contentUrl":"https:\/\/upglobal.net\/wp-content\/uploads\/2024\/03\/UP_logo_RGB_01_sinharmaa.svg","caption":"UP Global"},"image":{"@id":"https:\/\/upglobal.net\/fi\/#\/schema\/logo\/image\/"}},{"@type":"Person","@id":"https:\/\/upglobal.net\/fi\/#\/schema\/person\/253c57357140afcdf1aa289f78538624","name":"TeamUP","image":{"@type":"ImageObject","inLanguage":"fi","@id":"https:\/\/upglobal.net\/fi\/#\/schema\/person\/image\/","url":"https:\/\/secure.gravatar.com\/avatar\/e602cde1dace9d80cd0cdea09bf50b6f3ac522df14687e730660b835decb930d?s=96&d=mm&r=g","contentUrl":"https:\/\/secure.gravatar.com\/avatar\/e602cde1dace9d80cd0cdea09bf50b6f3ac522df14687e730660b835decb930d?s=96&d=mm&r=g","caption":"TeamUP"},"url":"https:\/\/upglobal.net\/fi\/author\/teamup\/"}]}},"_links":{"self":[{"href":"https:\/\/upglobal.net\/fi\/wp-json\/wp\/v2\/posts\/3541","targetHints":{"allow":["GET"]}}],"collection":[{"href":"https:\/\/upglobal.net\/fi\/wp-json\/wp\/v2\/posts"}],"about":[{"href":"https:\/\/upglobal.net\/fi\/wp-json\/wp\/v2\/types\/post"}],"author":[{"embeddable":true,"href":"https:\/\/upglobal.net\/fi\/wp-json\/wp\/v2\/users\/10"}],"replies":[{"embeddable":true,"href":"https:\/\/upglobal.net\/fi\/wp-json\/wp\/v2\/comments?post=3541"}],"version-history":[{"count":0,"href":"https:\/\/upglobal.net\/fi\/wp-json\/wp\/v2\/posts\/3541\/revisions"}],"wp:featuredmedia":[{"embeddable":true,"href":"https:\/\/upglobal.net\/fi\/wp-json\/wp\/v2\/media\/3544"}],"wp:attachment":[{"href":"https:\/\/upglobal.net\/fi\/wp-json\/wp\/v2\/media?parent=3541"}],"wp:term":[{"taxonomy":"category","embeddable":true,"href":"https:\/\/upglobal.net\/fi\/wp-json\/wp\/v2\/categories?post=3541"},{"taxonomy":"post_tag","embeddable":true,"href":"https:\/\/upglobal.net\/fi\/wp-json\/wp\/v2\/tags?post=3541"}],"curies":[{"name":"wp","href":"https:\/\/api.w.org\/{rel}","templated":true}]}}