{"id":15257,"date":"2026-09-03T09:40:52","date_gmt":"2026-09-03T06:40:52","guid":{"rendered":"https:\/\/upglobal.net\/?p=15257"},"modified":"2026-09-03T09:40:56","modified_gmt":"2026-09-03T06:40:56","slug":"paras-vuosi-ikina-vaihtovuosi-usassa","status":"publish","type":"post","link":"https:\/\/upglobal.net\/fi\/paras-vuosi-ikina-vaihtovuosi-usassa\/","title":{"rendered":"Paras vuosi ikin\u00e4 \u2013 vaihtovuosi USA:ssa"},"content":{"rendered":"\t\t<div data-elementor-type=\"wp-post\" data-elementor-id=\"15257\" class=\"elementor elementor-15257\" data-elementor-settings=\"{&quot;element_pack_global_tooltip_width&quot;:{&quot;unit&quot;:&quot;px&quot;,&quot;size&quot;:&quot;&quot;,&quot;sizes&quot;:[]},&quot;element_pack_global_tooltip_width_tablet&quot;:{&quot;unit&quot;:&quot;px&quot;,&quot;size&quot;:&quot;&quot;,&quot;sizes&quot;:[]},&quot;element_pack_global_tooltip_width_mobile&quot;:{&quot;unit&quot;:&quot;px&quot;,&quot;size&quot;:&quot;&quot;,&quot;sizes&quot;:[]},&quot;element_pack_global_tooltip_padding&quot;:{&quot;unit&quot;:&quot;px&quot;,&quot;top&quot;:&quot;&quot;,&quot;right&quot;:&quot;&quot;,&quot;bottom&quot;:&quot;&quot;,&quot;left&quot;:&quot;&quot;,&quot;isLinked&quot;:true},&quot;element_pack_global_tooltip_padding_tablet&quot;:{&quot;unit&quot;:&quot;px&quot;,&quot;top&quot;:&quot;&quot;,&quot;right&quot;:&quot;&quot;,&quot;bottom&quot;:&quot;&quot;,&quot;left&quot;:&quot;&quot;,&quot;isLinked&quot;:true},&quot;element_pack_global_tooltip_padding_mobile&quot;:{&quot;unit&quot;:&quot;px&quot;,&quot;top&quot;:&quot;&quot;,&quot;right&quot;:&quot;&quot;,&quot;bottom&quot;:&quot;&quot;,&quot;left&quot;:&quot;&quot;,&quot;isLinked&quot;:true},&quot;element_pack_global_tooltip_border_radius&quot;:{&quot;unit&quot;:&quot;px&quot;,&quot;top&quot;:&quot;&quot;,&quot;right&quot;:&quot;&quot;,&quot;bottom&quot;:&quot;&quot;,&quot;left&quot;:&quot;&quot;,&quot;isLinked&quot;:true},&quot;element_pack_global_tooltip_border_radius_tablet&quot;:{&quot;unit&quot;:&quot;px&quot;,&quot;top&quot;:&quot;&quot;,&quot;right&quot;:&quot;&quot;,&quot;bottom&quot;:&quot;&quot;,&quot;left&quot;:&quot;&quot;,&quot;isLinked&quot;:true},&quot;element_pack_global_tooltip_border_radius_mobile&quot;:{&quot;unit&quot;:&quot;px&quot;,&quot;top&quot;:&quot;&quot;,&quot;right&quot;:&quot;&quot;,&quot;bottom&quot;:&quot;&quot;,&quot;left&quot;:&quot;&quot;,&quot;isLinked&quot;:true}}\" data-elementor-post-type=\"post\">\n\t\t\t\t<div class=\"elementor-element elementor-element-4e7021f e-flex e-con-boxed e-con e-parent\" data-id=\"4e7021f\" data-element_type=\"container\">\n\t\t\t\t\t<div class=\"e-con-inner\">\n\t\t\t\t<div class=\"elementor-element elementor-element-53adc47e elementor-widget elementor-widget-text-editor\" data-id=\"53adc47e\" data-element_type=\"widget\" data-widget_type=\"text-editor.default\">\n\t\t\t\t<div class=\"elementor-widget-container\">\n\t\t\t\t\t\t\t\t\t<p><strong>Millaista on viett\u00e4\u00e4 vaihtovuosi USA:ssa? Saanalle lukuvuosi 2025\u20132026 vaihto-oppilaana Pennsylvaniassa antoi uuden is\u00e4nt\u00e4perheen, yst\u00e4vi\u00e4 ymp\u00e4ri maailmaa, mahdollisuuden el\u00e4\u00e4 high school -arkea ja unohtumattomia kokemuksia. T\u00e4ss\u00e4 blogissa Saana kertoo, millaista el\u00e4m\u00e4 vaihto-oppilaana USA:ssa todella oli ja miksi vaihtovuodesta tuli h\u00e4nen el\u00e4m\u00e4ns\u00e4 paras vuosi.<\/strong><\/p><p>Moikka, olen Saana ja olin vaihto-oppilaana USA:ssa lukuvuonna 2025-2026. Kun mietin vaihtovuottani nyt j\u00e4lkeenp\u00e4in, yksi ajatus nousee ylitse muiden: se oli ehdottomasti el\u00e4m\u00e4ni paras vuosi!<\/p><p>Olin haaveillut vaihto-oppilaaksi l\u00e4htemisest\u00e4 jo pitk\u00e4\u00e4n. Se oli tuntunut aina todella mielenkiintoiselta, mutta toki j\u00e4nnitti j\u00e4tt\u00e4\u00e4 perhe ja kaverit Suomeen. T\u00e4\u00e4ll\u00e4 kaikki kuitenkin oli odottamassa, kun palasin. Ennen l\u00e4ht\u00f6\u00e4 seurasin muiden vaihtareiden kokemuksia netist\u00e4, mutta en silti voinut kuvitella, kuinka paljon vuosi lopulta antaisi minulle.<\/p>\t\t\t\t\t\t\t\t<\/div>\n\t\t\t\t<\/div>\n\t\t\t\t\t<\/div>\n\t\t\t\t<\/div>\n\t\t<div class=\"elementor-element elementor-element-276ac764 e-flex e-con-boxed e-con e-parent\" data-id=\"276ac764\" data-element_type=\"container\">\n\t\t\t\t\t<div class=\"e-con-inner\">\n\t\t\t\t<div class=\"elementor-element elementor-element-3f278a66 elementor-widget elementor-widget-image\" data-id=\"3f278a66\" data-element_type=\"widget\" data-widget_type=\"image.default\">\n\t\t\t\t<div class=\"elementor-widget-container\">\n\t\t\t\t\t\t\t\t\t\t\t\t\t\t\t<img fetchpriority=\"high\" decoding=\"async\" width=\"1550\" height=\"750\" src=\"https:\/\/upglobal.net\/wp-content\/uploads\/2026\/08\/harrastukset-vaihdossa.jpg\" class=\"attachment-full size-full wp-image-15267\" alt=\"\" srcset=\"https:\/\/upglobal.net\/wp-content\/uploads\/2026\/08\/harrastukset-vaihdossa.jpg 1550w, https:\/\/upglobal.net\/wp-content\/uploads\/2026\/08\/harrastukset-vaihdossa-300x145.jpg 300w, https:\/\/upglobal.net\/wp-content\/uploads\/2026\/08\/harrastukset-vaihdossa-1024x495.jpg 1024w, https:\/\/upglobal.net\/wp-content\/uploads\/2026\/08\/harrastukset-vaihdossa-768x372.jpg 768w, https:\/\/upglobal.net\/wp-content\/uploads\/2026\/08\/harrastukset-vaihdossa-18x9.jpg 18w, https:\/\/upglobal.net\/wp-content\/uploads\/2026\/08\/harrastukset-vaihdossa-1536x743.jpg 1536w\" sizes=\"(max-width: 1550px) 100vw, 1550px\" \/>\t\t\t\t\t\t\t\t\t\t\t\t\t\t\t<\/div>\n\t\t\t\t<\/div>\n\t\t\t\t\t<\/div>\n\t\t\t\t<\/div>\n\t\t<div class=\"elementor-element elementor-element-3c8aa6d2 e-flex e-con-boxed e-con e-parent\" data-id=\"3c8aa6d2\" data-element_type=\"container\">\n\t\t\t\t\t<div class=\"e-con-inner\">\n\t\t\t\t<div class=\"elementor-element elementor-element-a9a97f1 elementor-widget elementor-widget-text-editor\" data-id=\"a9a97f1\" data-element_type=\"widget\" data-widget_type=\"text-editor.default\">\n\t\t\t\t<div class=\"elementor-widget-container\">\n\t\t\t\t\t\t\t\t\t<h3>Pienest\u00e4 kyl\u00e4st\u00e4 tuli koti<\/h3><p>Asuin noin 2 000 asukkaan pikkukyl\u00e4ss\u00e4 Pennsylvanian osavaltiossa. Ennen l\u00e4ht\u00f6\u00e4 v\u00e4h\u00e4n j\u00e4nnitti, riitt\u00e4isik\u00f6 siell\u00e4 tekemist\u00e4, kun olin tottunut asumaan Tampereella. Huoli osoittautui kuitenkin turhaksi.<\/p><p>Pieness\u00e4 yhteis\u00f6ss\u00e4 ihmiset tunsivat toisensa, ja mut otettiin nopeasti mukaan porukkaan. Kun opin tuntemaan kyl\u00e4l\u00e4isi\u00e4, alkoi tuntua silt\u00e4, ett\u00e4 olin oikeasti osa yhteis\u00f6\u00e4. L\u00e4hell\u00e4 oli my\u00f6s suurempia kaupunkeja, joissa k\u00e4vimme kavereiden kanssa shoppailemassa ja viett\u00e4m\u00e4ss\u00e4 aikaa.<\/p><p>Koska meid\u00e4n kyl\u00e4ss\u00e4, kuten USA:ssa yleisestikin ei juurikaan ole julkista liikennett\u00e4, joka paikkaan kuljetaan autolla. V\u00e4lill\u00e4 tuntui, ett\u00e4 oma liikkuminen on rajoitettua, mutta kyyti kuitenkin j\u00e4rjestyi aina. Menemisi\u00e4 piti kuitenkin suunnitella eri tavalla kuin mihin olin Suomessa tottunut.<\/p>\t\t\t\t\t\t\t\t<\/div>\n\t\t\t\t<\/div>\n\t\t\t\t\t<\/div>\n\t\t\t\t<\/div>\n\t\t<div class=\"elementor-element elementor-element-b59f1d6 e-flex e-con-boxed e-con e-parent\" data-id=\"b59f1d6\" data-element_type=\"container\">\n\t\t\t\t\t<div class=\"e-con-inner\">\n\t\t\t\t<div class=\"elementor-element elementor-element-7100523c elementor-widget elementor-widget-image\" data-id=\"7100523c\" data-element_type=\"widget\" data-widget_type=\"image.default\">\n\t\t\t\t<div class=\"elementor-widget-container\">\n\t\t\t\t\t\t\t\t\t\t\t\t\t\t\t<img decoding=\"async\" width=\"1550\" height=\"750\" src=\"https:\/\/upglobal.net\/wp-content\/uploads\/2026\/08\/halloween-perinteet.jpg\" class=\"attachment-full size-full wp-image-15263\" alt=\"\" srcset=\"https:\/\/upglobal.net\/wp-content\/uploads\/2026\/08\/halloween-perinteet.jpg 1550w, https:\/\/upglobal.net\/wp-content\/uploads\/2026\/08\/halloween-perinteet-300x145.jpg 300w, https:\/\/upglobal.net\/wp-content\/uploads\/2026\/08\/halloween-perinteet-1024x495.jpg 1024w, https:\/\/upglobal.net\/wp-content\/uploads\/2026\/08\/halloween-perinteet-768x372.jpg 768w, https:\/\/upglobal.net\/wp-content\/uploads\/2026\/08\/halloween-perinteet-18x9.jpg 18w, https:\/\/upglobal.net\/wp-content\/uploads\/2026\/08\/halloween-perinteet-1536x743.jpg 1536w\" sizes=\"(max-width: 1550px) 100vw, 1550px\" \/>\t\t\t\t\t\t\t\t\t\t\t\t\t\t\t<\/div>\n\t\t\t\t<\/div>\n\t\t\t\t\t<\/div>\n\t\t\t\t<\/div>\n\t\t<div class=\"elementor-element elementor-element-10c06e1c e-flex e-con-boxed e-con e-parent\" data-id=\"10c06e1c\" data-element_type=\"container\">\n\t\t\t\t\t<div class=\"e-con-inner\">\n\t\t\t\t<div class=\"elementor-element elementor-element-227dad0 elementor-widget elementor-widget-text-editor\" data-id=\"227dad0\" data-element_type=\"widget\" data-widget_type=\"text-editor.default\">\n\t\t\t\t<div class=\"elementor-widget-container\">\n\t\t\t\t\t\t\t\t\t<h3>T\u00e4ydellinen is\u00e4nt\u00e4perhe minulle<\/h3><p>Minulla k\u00e4vi uskomaton tuuri is\u00e4nt\u00e4perheen kanssa. Samanik\u00e4isest\u00e4 host-siskostani tuli vuoden aikana minulle kuin oikea sisko. H\u00e4nen kauttaan tutustuin my\u00f6s moniin uusiin yst\u00e4viin.<\/p><p>Host-vanhempani olivat todella l\u00e4mpimi\u00e4 ja v\u00e4litt\u00e4vi\u00e4. He ehdottivat aktiivisesti yhteist\u00e4 tekemist\u00e4 ja halusivat n\u00e4ytt\u00e4\u00e4 minulle erilaisia paikkoja. Vaihtovuoden aikana p\u00e4\u00e4sin kokemaan ja n\u00e4kem\u00e4\u00e4n valtavasti, koska p\u00e4\u00e4tin sanoa l\u00e4hes kaikkeen tekemiseen &#8221;kyll\u00e4&#8221;. Se onkin yksi parhaista vinkeist\u00e4, jonka sain ennen l\u00e4ht\u00f6\u00e4, ja jonka voin v\u00e4litt\u00e4\u00e4 eteenp\u00e4in vaihtoon l\u00e4hteville.<\/p><p>S\u00f6imme usein yhdess\u00e4 kotona, koska host-is\u00e4ni rakasti kokkaamista, mutta ehdin my\u00f6s vaihdon aikana kokeilemaan kaikki perusjenkki ravintolat. K\u00e4vin my\u00f6s yhdess\u00e4 is\u00e4nt\u00e4perheen kanssa kirkossa, koska se kuului heid\u00e4n tapoihinsa.<\/p><p>Perhe oli my\u00f6s kiinnostunut Suomesta. Keskustelimme suomalaisesta kulttuurista, historiasta ja tavoista, ja katsoimme yhdess\u00e4 esimerkiksi Euroviisuja. Vuoden lopussa he jo suunnittelivat matkaa Suomeen.<\/p><p>Meid\u00e4n v\u00e4lill\u00e4 kommunikaatio toimi todella hyvin. Jos jokin asia aiheutti pienen v\u00e4\u00e4rink\u00e4sityksen, siit\u00e4 puhuttiin avoimesti, eik\u00e4 varsinaisia ongelmia koskaan ehtinyt synty\u00e4. Vaihtoon l\u00e4hteville antaisinkin sellaisen vinkin, ett\u00e4 kannattaa puhua ja kysy\u00e4 asioita mahdollisimman paljon, vaikka kielitaito ei viel\u00e4 tuntuisi t\u00e4ydelliselt\u00e4. Avoin kommunikaatio ehk\u00e4isee v\u00e4\u00e4rinymm\u00e4rryksi\u00e4 ja helpottaa arkea todella paljon.<\/p>\t\t\t\t\t\t\t\t<\/div>\n\t\t\t\t<\/div>\n\t\t\t\t\t<\/div>\n\t\t\t\t<\/div>\n\t\t<div class=\"elementor-element elementor-element-9111ab e-flex e-con-boxed e-con e-parent\" data-id=\"9111ab\" data-element_type=\"container\">\n\t\t\t\t\t<div class=\"e-con-inner\">\n\t\t\t\t<div class=\"elementor-element elementor-element-3a3b4016 elementor-widget elementor-widget-image\" data-id=\"3a3b4016\" data-element_type=\"widget\" data-widget_type=\"image.default\">\n\t\t\t\t<div class=\"elementor-widget-container\">\n\t\t\t\t\t\t\t\t\t\t\t\t\t\t\t<img decoding=\"async\" width=\"1550\" height=\"750\" src=\"https:\/\/upglobal.net\/wp-content\/uploads\/2026\/08\/Vaihto-oppilas-Saana.jpg\" class=\"attachment-full size-full wp-image-15264\" alt=\"\" srcset=\"https:\/\/upglobal.net\/wp-content\/uploads\/2026\/08\/Vaihto-oppilas-Saana.jpg 1550w, https:\/\/upglobal.net\/wp-content\/uploads\/2026\/08\/Vaihto-oppilas-Saana-300x145.jpg 300w, https:\/\/upglobal.net\/wp-content\/uploads\/2026\/08\/Vaihto-oppilas-Saana-1024x495.jpg 1024w, https:\/\/upglobal.net\/wp-content\/uploads\/2026\/08\/Vaihto-oppilas-Saana-768x372.jpg 768w, https:\/\/upglobal.net\/wp-content\/uploads\/2026\/08\/Vaihto-oppilas-Saana-18x9.jpg 18w, https:\/\/upglobal.net\/wp-content\/uploads\/2026\/08\/Vaihto-oppilas-Saana-1536x743.jpg 1536w\" sizes=\"(max-width: 1550px) 100vw, 1550px\" \/>\t\t\t\t\t\t\t\t\t\t\t\t\t\t\t<\/div>\n\t\t\t\t<\/div>\n\t\t\t\t\t<\/div>\n\t\t\t\t<\/div>\n\t\t<div class=\"elementor-element elementor-element-36720b86 e-flex e-con-boxed e-con e-parent\" data-id=\"36720b86\" data-element_type=\"container\">\n\t\t\t\t\t<div class=\"e-con-inner\">\n\t\t\t\t<div class=\"elementor-element elementor-element-631229d5 elementor-widget elementor-widget-text-editor\" data-id=\"631229d5\" data-element_type=\"widget\" data-widget_type=\"text-editor.default\">\n\t\t\t\t<div class=\"elementor-widget-container\">\n\t\t\t\t\t\t\t\t\t<h3>Amerikkalainen koulu yll\u00e4tti positiivisesti<\/h3><p>Koulu oli hyvin erilainen kuin Suomessa. Opettajat olivat todella helposti l\u00e4hestytt\u00e4vi\u00e4 ja halusivat aidosti tutustua oppilaisiin. Aluksi se tuntui v\u00e4h\u00e4n erikoiselta, mutta siihen tottui nopeasti.<\/p><p>Pidin my\u00f6s siit\u00e4, ett\u00e4 sain valita suurimman osan kursseistani itse. Erityisesti US Government -kurssilla opin paljon uutta sanastoa.<\/p><p>Koska kouluni oli pieni, yhteishenki oli aivan mahtava. Kaikki tunsivat toisensa, eri ik\u00e4iset viettiv\u00e4t aikaa yhdess\u00e4 ja koulun tapahtumiin osallistui l\u00e4hes koko koulu.<\/p><p>Urheilujoukkueiden peleiss\u00e4 tunnelma oli uskomaton. Meid\u00e4n koulussa ei ollut amerikkalaista jalkapallojoukkuetta, mutta esimerkiksi jalkapallo- ja koripallopeleiss\u00e4 koko koulu oli kannustamassa omiaan. Olin kuullut, ett\u00e4 urheilu on iso osa amerikkalaista koulukulttuuria, mutta vasta paikan p\u00e4\u00e4ll\u00e4 ymm\u00e4rsin, mit\u00e4 se oikeasti tarkoittaa.<\/p>\t\t\t\t\t\t\t\t<\/div>\n\t\t\t\t<\/div>\n\t\t\t\t\t<\/div>\n\t\t\t\t<\/div>\n\t\t<div class=\"elementor-element elementor-element-6bf71c26 e-flex e-con-boxed e-con e-parent\" data-id=\"6bf71c26\" data-element_type=\"container\">\n\t\t\t\t\t<div class=\"e-con-inner\">\n\t\t\t\t<div class=\"elementor-element elementor-element-79c78f4c elementor-widget elementor-widget-image\" data-id=\"79c78f4c\" data-element_type=\"widget\" data-widget_type=\"image.default\">\n\t\t\t\t<div class=\"elementor-widget-container\">\n\t\t\t\t\t\t\t\t\t\t\t\t\t\t\t<img loading=\"lazy\" decoding=\"async\" width=\"1550\" height=\"750\" src=\"https:\/\/upglobal.net\/wp-content\/uploads\/2026\/08\/amerikkalainen-high-school-vaihtovuosi.jpg\" class=\"attachment-full size-full wp-image-15266\" alt=\"\" srcset=\"https:\/\/upglobal.net\/wp-content\/uploads\/2026\/08\/amerikkalainen-high-school-vaihtovuosi.jpg 1550w, https:\/\/upglobal.net\/wp-content\/uploads\/2026\/08\/amerikkalainen-high-school-vaihtovuosi-300x145.jpg 300w, https:\/\/upglobal.net\/wp-content\/uploads\/2026\/08\/amerikkalainen-high-school-vaihtovuosi-1024x495.jpg 1024w, https:\/\/upglobal.net\/wp-content\/uploads\/2026\/08\/amerikkalainen-high-school-vaihtovuosi-768x372.jpg 768w, https:\/\/upglobal.net\/wp-content\/uploads\/2026\/08\/amerikkalainen-high-school-vaihtovuosi-18x9.jpg 18w, https:\/\/upglobal.net\/wp-content\/uploads\/2026\/08\/amerikkalainen-high-school-vaihtovuosi-1536x743.jpg 1536w\" sizes=\"(max-width: 1550px) 100vw, 1550px\" \/>\t\t\t\t\t\t\t\t\t\t\t\t\t\t\t<\/div>\n\t\t\t\t<\/div>\n\t\t\t\t\t<\/div>\n\t\t\t\t<\/div>\n\t\t<div class=\"elementor-element elementor-element-517b4590 e-flex e-con-boxed e-con e-parent\" data-id=\"517b4590\" data-element_type=\"container\">\n\t\t\t\t\t<div class=\"e-con-inner\">\n\t\t\t\t<div class=\"elementor-element elementor-element-65a0693a elementor-widget elementor-widget-text-editor\" data-id=\"65a0693a\" data-element_type=\"widget\" data-widget_type=\"text-editor.default\">\n\t\t\t\t<div class=\"elementor-widget-container\">\n\t\t\t\t\t\t\t\t\t<h3>Harrastuksista uusia yst\u00e4vi\u00e4<\/h3><p>Vaihtovuoden aikana pelasin koulun koripallojoukkueessa ja olin mukana partiossa yhdess\u00e4 host-siskoni kanssa. Partiossa p\u00e4\u00e4simme esimerkiksi retkeilem\u00e4\u00e4n, zipline-radoille ja tekem\u00e4\u00e4n vapaaehtoisty\u00f6t\u00e4 yhteis\u00f6n hyv\u00e4ksi.<\/p><p>Vapaa-ajalla vietin paljon aikaa kavereiden kanssa, k\u00e4vimme shoppailemassa, elokuvissa ja j\u00e4rjestimme lautapeli-iltoja. Kaveripiirini muodostui p\u00e4\u00e4asiassa paikallisista nuorista, mutta mun koulussa oli my\u00f6s toinen vaihto-oppilas Espanjasta, jonka kanssa oli mukava jakaa vaihtokokemus.<\/p><h3>N\u00e4in enemm\u00e4n kuin olisin osannut odottaa<\/h3><p>Vaikka p\u00e4\u00e4asiassa vaihto-oppilasvuosi on normaalia paikallista arkea, p\u00e4\u00e4sin my\u00f6s matkustamaan paljon. Is\u00e4nt\u00e4perheen kanssa k\u00e4vin muun muassa Washington D.C.:ss\u00e4 useamman kerran, New Yorkissa, Philadelphiassa, Pittsburghissa, Ocean Cityss\u00e4 ja Columbuksessa. Osallistuin my\u00f6s koulun Senior-matkalle Floridan Orlandoon, miss\u00e4 k\u00e4vimme Disney Worldissa.<\/p>\t\t\t\t\t\t\t\t<\/div>\n\t\t\t\t<\/div>\n\t\t\t\t\t<\/div>\n\t\t\t\t<\/div>\n\t\t<div class=\"elementor-element elementor-element-16eb9bed e-flex e-con-boxed e-con e-parent\" data-id=\"16eb9bed\" data-element_type=\"container\">\n\t\t\t\t\t<div class=\"e-con-inner\">\n\t\t\t\t<div class=\"elementor-element elementor-element-5f9730bc elementor-widget elementor-widget-image\" data-id=\"5f9730bc\" data-element_type=\"widget\" data-widget_type=\"image.default\">\n\t\t\t\t<div class=\"elementor-widget-container\">\n\t\t\t\t\t\t\t\t\t\t\t\t\t\t\t<img loading=\"lazy\" decoding=\"async\" width=\"1550\" height=\"750\" src=\"https:\/\/upglobal.net\/wp-content\/uploads\/2026\/08\/vaihtovuosi-usa-saana.jpg\" class=\"attachment-full size-full wp-image-15265\" alt=\"\" srcset=\"https:\/\/upglobal.net\/wp-content\/uploads\/2026\/08\/vaihtovuosi-usa-saana.jpg 1550w, https:\/\/upglobal.net\/wp-content\/uploads\/2026\/08\/vaihtovuosi-usa-saana-300x145.jpg 300w, https:\/\/upglobal.net\/wp-content\/uploads\/2026\/08\/vaihtovuosi-usa-saana-1024x495.jpg 1024w, https:\/\/upglobal.net\/wp-content\/uploads\/2026\/08\/vaihtovuosi-usa-saana-768x372.jpg 768w, https:\/\/upglobal.net\/wp-content\/uploads\/2026\/08\/vaihtovuosi-usa-saana-18x9.jpg 18w, https:\/\/upglobal.net\/wp-content\/uploads\/2026\/08\/vaihtovuosi-usa-saana-1536x743.jpg 1536w\" sizes=\"(max-width: 1550px) 100vw, 1550px\" \/>\t\t\t\t\t\t\t\t\t\t\t\t\t\t\t<\/div>\n\t\t\t\t<\/div>\n\t\t\t\t\t<\/div>\n\t\t\t\t<\/div>\n\t\t<div class=\"elementor-element elementor-element-77cda0cc e-flex e-con-boxed e-con e-parent\" data-id=\"77cda0cc\" data-element_type=\"container\">\n\t\t\t\t\t<div class=\"e-con-inner\">\n\t\t\t\t<div class=\"elementor-element elementor-element-552379df elementor-widget elementor-widget-text-editor\" data-id=\"552379df\" data-element_type=\"widget\" data-widget_type=\"text-editor.default\">\n\t\t\t\t<div class=\"elementor-widget-container\">\n\t\t\t\t\t\t\t\t\t<h3>Vaihtovuosi opetti minulle valtavasti<\/h3><p>Olen nyky\u00e4\u00e4n paljon rohkeampi kuin ennen. Uskallan menn\u00e4 juttelemaan uusille ihmisille, olen oma-aloitteisempi ja englannin puhuminen ei en\u00e4\u00e4 j\u00e4nnit\u00e4, vaan tuntuu luonnolliselta.<\/p><h3>Kannattaako l\u00e4hte\u00e4 vaihto-oppilaaksi USA:han?<\/h3><p>Jos joku miettii, kannattaako vaihtoon l\u00e4hte\u00e4, vastaan ehdottomasti kyll\u00e4.<\/p><p>Vaihtovuosi antoi minulle enemm\u00e4n kuin olisin koskaan osannut odottaa. Uusia yst\u00e4vi\u00e4, uuden perheen, unohtumattomia kokemuksia ja paljon itsevarmuutta.<\/p><p>Olen my\u00f6s todella tyytyv\u00e4inen siihen, ett\u00e4 l\u00e4hdin vaihtoon UP Globalin kautta. Koko vuoden ajan minulla oli turvallinen olo, sill\u00e4 tiesin saavani tarvittaessa tukea ja apua. Kaikki sujui j\u00e4rjestelm\u00e4llisesti, ja olenkin suositellut UP Globalia jo muille vaihtoa suunnitteleville.<\/p><p>Jos mietit vaihtoon l\u00e4htemist\u00e4, sanon omasta kokemuksestani, ett\u00e4 ehdottomasti kannattaa l\u00e4hte\u00e4. Minulle vaihto-oppilasvuosi oli mun el\u00e4m\u00e4ni paras vuosi, ja kaikki ne kokemukset tulee kulkemaan mun mukana koko el\u00e4m\u00e4n.<\/p>\t\t\t\t\t\t\t\t<\/div>\n\t\t\t\t<\/div>\n\t\t\t\t\t<\/div>\n\t\t\t\t<\/div>\n\t\t<div class=\"elementor-element elementor-element-3c740f3 e-flex e-con-boxed e-con e-parent\" data-id=\"3c740f3\" data-element_type=\"container\">\n\t\t\t\t\t<div class=\"e-con-inner\">\n\t\t\t\t<div class=\"elementor-element elementor-element-cc5701e elementor-widget elementor-widget-image\" data-id=\"cc5701e\" data-element_type=\"widget\" data-widget_type=\"image.default\">\n\t\t\t\t<div class=\"elementor-widget-container\">\n\t\t\t\t\t\t\t\t\t\t\t\t\t\t\t<img loading=\"lazy\" decoding=\"async\" width=\"1550\" height=\"750\" src=\"https:\/\/upglobal.net\/wp-content\/uploads\/2026\/08\/vaihtovuoden-kokemuksia-usa.jpg\" class=\"attachment-full size-full wp-image-15262\" alt=\"\" srcset=\"https:\/\/upglobal.net\/wp-content\/uploads\/2026\/08\/vaihtovuoden-kokemuksia-usa.jpg 1550w, https:\/\/upglobal.net\/wp-content\/uploads\/2026\/08\/vaihtovuoden-kokemuksia-usa-300x145.jpg 300w, https:\/\/upglobal.net\/wp-content\/uploads\/2026\/08\/vaihtovuoden-kokemuksia-usa-1024x495.jpg 1024w, https:\/\/upglobal.net\/wp-content\/uploads\/2026\/08\/vaihtovuoden-kokemuksia-usa-768x372.jpg 768w, https:\/\/upglobal.net\/wp-content\/uploads\/2026\/08\/vaihtovuoden-kokemuksia-usa-18x9.jpg 18w, https:\/\/upglobal.net\/wp-content\/uploads\/2026\/08\/vaihtovuoden-kokemuksia-usa-1536x743.jpg 1536w\" sizes=\"(max-width: 1550px) 100vw, 1550px\" \/>\t\t\t\t\t\t\t\t\t\t\t\t\t\t\t<\/div>\n\t\t\t\t<\/div>\n\t\t\t\t\t<\/div>\n\t\t\t\t<\/div>\n\t\t<div class=\"elementor-element elementor-element-6efcad00 e-flex e-con-boxed e-con e-parent\" data-id=\"6efcad00\" data-element_type=\"container\">\n\t\t\t\t\t<div class=\"e-con-inner\">\n\t\t\t\t<div class=\"elementor-element elementor-element-559d14ce elementor-widget elementor-widget-text-editor\" data-id=\"559d14ce\" data-element_type=\"widget\" data-widget_type=\"text-editor.default\">\n\t\t\t\t<div class=\"elementor-widget-container\">\n\t\t\t\t\t\t\t\t\t<p><em>Kuvat: Paras vuosi ikin\u00e4 \u2013 vaihtovuosi USA:ssa<\/em><\/p><h3>Haaveissa vaihtovuosi USA:ssa?<\/h3><p><strong>Tutustu UP Globalin <a href=\"https:\/\/upglobal.net\/fi\/usa\/\" target=\"_blank\" rel=\"noopener\">USA:n vaihto-oppilasohjelmaan<\/a> ja ota ensimm\u00e4inen askel kohti omaa vaihtovuottasi. Katso <a href=\"https:\/\/upglobal.net\/fi\/hinnat-ja-stipendit\/\" target=\"_blank\" rel=\"noopener\">vaihto-oppilasohjelmien hinnat<\/a> ja <a href=\"https:&#47;&#x2f;&#x62;o&#111;&#x6b;&#x69;n&#103;&#x73;&#46;&#99;&#x6c;&#x6f;u&#100;&#x2e;m&#105;&#x63;&#x72;o&#115;&#x6f;&#x66;&#116;&#x2f;&#x62;o&#111;&#x6b;&#x2f;U&#110;&#x69;v&#101;&#x72;&#x73;a&#108;&#x50;l&#97;&#x79;&#x65;r&#115;&#x47;&#x6c;&#111;&#x62;&#x61;l&#64;&#x75;&#x70;g&#108;&#x6f;b&#97;&#x6c;&#x2e;n&#101;&#x74;\/?ismsaljsauthenabled=true\" target=\"_blank\" rel=\"noopener\">varaa tapaaminen<\/a> kanssamme.<\/strong><\/p><p><strong>Mik\u00e4li vaihto-oppilasvuosi USA:ssa kampuksella kiinnostaa, kannattaa k\u00e4yd\u00e4 lukemassa my\u00f6s blogi <a href=\"https:\/\/upglobal.net\/fi\/vaihto-oppilaana-floridassa\/\" target=\"_blank\" rel=\"noopener\">Emelien vaihto-oppilasvuodesta Floridassa<\/a>.<\/strong><\/p>\t\t\t\t\t\t\t\t<\/div>\n\t\t\t\t<\/div>\n\t\t\t\t\t<\/div>\n\t\t\t\t<\/div>\n\t\t\t\t<\/div>\n\t\t","protected":false},"excerpt":{"rendered":"<p>Millaista on viett\u00e4\u00e4 vaihtovuosi USA:ssa? Saanalle lukuvuosi 2025\u20132026 vaihto-oppilaana Pennsylvaniassa antoi uuden is\u00e4nt\u00e4perheen, yst\u00e4vi\u00e4 ymp\u00e4ri maailmaa, mahdollisuuden el\u00e4\u00e4 high school -arkea ja unohtumattomia kokemuksia. T\u00e4ss\u00e4 blogissa Saana kertoo, millaista el\u00e4m\u00e4 vaihto-oppilaana USA:ssa todella oli ja miksi vaihtovuodesta tuli h\u00e4nen el\u00e4m\u00e4ns\u00e4 paras vuosi. Moikka, olen Saana ja olin vaihto-oppilaana USA:ssa lukuvuonna 2025-2026. Kun mietin vaihtovuottani nyt [&hellip;]<\/p>\n","protected":false},"author":14,"featured_media":15268,"comment_status":"open","ping_status":"open","sticky":false,"template":"","format":"standard","meta":{"footnotes":""},"categories":[37],"tags":[243,252,80,251,248,249,250,86],"class_list":["post-15257","post","type-post","status-publish","format-standard","has-post-thumbnail","hentry","category-blogit","tag-amerikkalainen-high-school","tag-isantaperhe-usa","tag-vaihto-oppilaaksi-usahan","tag-vaihto-oppilaan-kokemuksia","tag-vaihto-oppilas-usassa","tag-vaihto-oppilaskokemus-usa","tag-vaihto-oppilasvuosi-usassa","tag-vaihtovuosi-usassa"],"yoast_head":"<!-- This site is optimized with the Yoast SEO plugin v26.8 - https:\/\/yoast.com\/product\/yoast-seo-wordpress\/ -->\n<title>Paras vuosi ikin\u00e4 \u2013 vaihtovuosi USA:ssa - UP Global<\/title>\n<meta name=\"description\" content=\"Millaista on viett\u00e4\u00e4 vaihtovuosi USA:ssa? Saana kertoo kokemuksistaan vaihto-oppilaana, is\u00e4nt\u00e4perheest\u00e4, koulusta ja yst\u00e4vist\u00e4...\" \/>\n<meta name=\"robots\" content=\"index, follow, max-snippet:-1, max-image-preview:large, max-video-preview:-1\" \/>\n<link rel=\"canonical\" href=\"https:\/\/upglobal.net\/fi\/paras-vuosi-ikina-vaihtovuosi-usassa\/\" \/>\n<meta property=\"og:locale\" content=\"fi_FI\" \/>\n<meta property=\"og:type\" content=\"article\" \/>\n<meta property=\"og:title\" content=\"Paras vuosi ikin\u00e4 \u2013 vaihtovuosi USA:ssa - UP Global\" \/>\n<meta property=\"og:description\" content=\"Millaista on viett\u00e4\u00e4 vaihtovuosi USA:ssa? Saana kertoo kokemuksistaan vaihto-oppilaana, is\u00e4nt\u00e4perheest\u00e4, koulusta ja yst\u00e4vist\u00e4...\" \/>\n<meta property=\"og:url\" content=\"https:\/\/upglobal.net\/fi\/paras-vuosi-ikina-vaihtovuosi-usassa\/\" \/>\n<meta property=\"og:site_name\" content=\"UP Global\" \/>\n<meta property=\"article:published_time\" content=\"2026-09-03T06:40:52+00:00\" \/>\n<meta property=\"article:modified_time\" content=\"2026-09-03T06:40:56+00:00\" \/>\n<meta property=\"og:image\" content=\"https:\/\/upglobal.net\/wp-content\/uploads\/2026\/08\/saana-vaihtarina-isantaperheessa-usa.jpg\" \/>\n\t<meta property=\"og:image:width\" content=\"1550\" \/>\n\t<meta property=\"og:image:height\" content=\"750\" \/>\n\t<meta property=\"og:image:type\" content=\"image\/jpeg\" \/>\n<meta name=\"author\" content=\"Johanna Konttinen\" \/>\n<meta name=\"twitter:card\" content=\"summary_large_image\" \/>\n<meta name=\"twitter:label1\" content=\"Kirjoittanut\" \/>\n\t<meta name=\"twitter:data1\" content=\"Johanna Konttinen\" \/>\n\t<meta name=\"twitter:label2\" content=\"Arvioitu lukuaika\" \/>\n\t<meta name=\"twitter:data2\" content=\"7 minuuttia\" \/>\n<script type=\"application\/ld+json\" class=\"yoast-schema-graph\">{\"@context\":\"https:\/\/schema.org\",\"@graph\":[{\"@type\":\"Article\",\"@id\":\"https:\/\/upglobal.net\/paras-vuosi-ikina-vaihtovuosi-usassa\/#article\",\"isPartOf\":{\"@id\":\"https:\/\/upglobal.net\/paras-vuosi-ikina-vaihtovuosi-usassa\/\"},\"author\":{\"name\":\"Johanna Konttinen\",\"@id\":\"https:\/\/upglobal.net\/fi\/#\/schema\/person\/e0025926cad268db044d9c8fd76e0173\"},\"headline\":\"Paras vuosi ikin\u00e4 \u2013 vaihtovuosi USA:ssa\",\"datePublished\":\"2026-09-03T06:40:52+00:00\",\"dateModified\":\"2026-09-03T06:40:56+00:00\",\"mainEntityOfPage\":{\"@id\":\"https:\/\/upglobal.net\/paras-vuosi-ikina-vaihtovuosi-usassa\/\"},\"wordCount\":905,\"commentCount\":0,\"publisher\":{\"@id\":\"https:\/\/upglobal.net\/fi\/#organization\"},\"image\":{\"@id\":\"https:\/\/upglobal.net\/paras-vuosi-ikina-vaihtovuosi-usassa\/#primaryimage\"},\"thumbnailUrl\":\"https:\/\/upglobal.net\/wp-content\/uploads\/2026\/08\/saana-vaihtarina-isantaperheessa-usa.jpg\",\"keywords\":[\"amerikkalainen high school\",\"is\u00e4nt\u00e4perhe USA\",\"vaihto-oppilaaksi USA:han\",\"vaihto-oppilaan kokemuksia\",\"vaihto-oppilas USA:ssa\",\"vaihto-oppilaskokemus USA\",\"vaihto-oppilasvuosi USA:ssa\",\"vaihtovuosi USA:ssa\"],\"articleSection\":[\"Blogit\"],\"inLanguage\":\"fi\",\"potentialAction\":[{\"@type\":\"CommentAction\",\"name\":\"Comment\",\"target\":[\"https:\/\/upglobal.net\/paras-vuosi-ikina-vaihtovuosi-usassa\/#respond\"]}]},{\"@type\":\"WebPage\",\"@id\":\"https:\/\/upglobal.net\/paras-vuosi-ikina-vaihtovuosi-usassa\/\",\"url\":\"https:\/\/upglobal.net\/paras-vuosi-ikina-vaihtovuosi-usassa\/\",\"name\":\"Paras vuosi ikin\u00e4 \u2013 vaihtovuosi USA:ssa - UP Global\",\"isPartOf\":{\"@id\":\"https:\/\/upglobal.net\/fi\/#website\"},\"primaryImageOfPage\":{\"@id\":\"https:\/\/upglobal.net\/paras-vuosi-ikina-vaihtovuosi-usassa\/#primaryimage\"},\"image\":{\"@id\":\"https:\/\/upglobal.net\/paras-vuosi-ikina-vaihtovuosi-usassa\/#primaryimage\"},\"thumbnailUrl\":\"https:\/\/upglobal.net\/wp-content\/uploads\/2026\/08\/saana-vaihtarina-isantaperheessa-usa.jpg\",\"datePublished\":\"2026-09-03T06:40:52+00:00\",\"dateModified\":\"2026-09-03T06:40:56+00:00\",\"description\":\"Millaista on viett\u00e4\u00e4 vaihtovuosi USA:ssa? Saana kertoo kokemuksistaan vaihto-oppilaana, is\u00e4nt\u00e4perheest\u00e4, koulusta ja yst\u00e4vist\u00e4...\",\"breadcrumb\":{\"@id\":\"https:\/\/upglobal.net\/paras-vuosi-ikina-vaihtovuosi-usassa\/#breadcrumb\"},\"inLanguage\":\"fi\",\"potentialAction\":[{\"@type\":\"ReadAction\",\"target\":[\"https:\/\/upglobal.net\/paras-vuosi-ikina-vaihtovuosi-usassa\/\"]}]},{\"@type\":\"ImageObject\",\"inLanguage\":\"fi\",\"@id\":\"https:\/\/upglobal.net\/paras-vuosi-ikina-vaihtovuosi-usassa\/#primaryimage\",\"url\":\"https:\/\/upglobal.net\/wp-content\/uploads\/2026\/08\/saana-vaihtarina-isantaperheessa-usa.jpg\",\"contentUrl\":\"https:\/\/upglobal.net\/wp-content\/uploads\/2026\/08\/saana-vaihtarina-isantaperheessa-usa.jpg\",\"width\":1550,\"height\":750},{\"@type\":\"BreadcrumbList\",\"@id\":\"https:\/\/upglobal.net\/paras-vuosi-ikina-vaihtovuosi-usassa\/#breadcrumb\",\"itemListElement\":[{\"@type\":\"ListItem\",\"position\":1,\"name\":\"Home\",\"item\":\"https:\/\/upglobal.net\/\"},{\"@type\":\"ListItem\",\"position\":2,\"name\":\"Paras vuosi ikin\u00e4 \u2013 vaihtovuosi USA:ssa\"}]},{\"@type\":\"WebSite\",\"@id\":\"https:\/\/upglobal.net\/fi\/#website\",\"url\":\"https:\/\/upglobal.net\/fi\/\",\"name\":\"UP Global\",\"description\":\"\",\"publisher\":{\"@id\":\"https:\/\/upglobal.net\/fi\/#organization\"},\"potentialAction\":[{\"@type\":\"SearchAction\",\"target\":{\"@type\":\"EntryPoint\",\"urlTemplate\":\"https:\/\/upglobal.net\/fi\/?s={search_term_string}\"},\"query-input\":{\"@type\":\"PropertyValueSpecification\",\"valueRequired\":true,\"valueName\":\"search_term_string\"}}],\"inLanguage\":\"fi\"},{\"@type\":\"Organization\",\"@id\":\"https:\/\/upglobal.net\/fi\/#organization\",\"name\":\"UP Global\",\"url\":\"https:\/\/upglobal.net\/fi\/\",\"logo\":{\"@type\":\"ImageObject\",\"inLanguage\":\"fi\",\"@id\":\"https:\/\/upglobal.net\/fi\/#\/schema\/logo\/image\/\",\"url\":\"https:\/\/upglobal.net\/wp-content\/uploads\/2024\/03\/UP_logo_RGB_01_sinharmaa.svg\",\"contentUrl\":\"https:\/\/upglobal.net\/wp-content\/uploads\/2024\/03\/UP_logo_RGB_01_sinharmaa.svg\",\"caption\":\"UP Global\"},\"image\":{\"@id\":\"https:\/\/upglobal.net\/fi\/#\/schema\/logo\/image\/\"}},{\"@type\":\"Person\",\"@id\":\"https:\/\/upglobal.net\/fi\/#\/schema\/person\/e0025926cad268db044d9c8fd76e0173\",\"name\":\"Johanna Konttinen\",\"image\":{\"@type\":\"ImageObject\",\"inLanguage\":\"fi\",\"@id\":\"https:\/\/upglobal.net\/fi\/#\/schema\/person\/image\/\",\"url\":\"https:\/\/secure.gravatar.com\/avatar\/22004c6df05679c35e956f11ec4688e56dff8d556406b87baeda81214e80e577?s=96&d=mm&r=g\",\"contentUrl\":\"https:\/\/secure.gravatar.com\/avatar\/22004c6df05679c35e956f11ec4688e56dff8d556406b87baeda81214e80e577?s=96&d=mm&r=g\",\"caption\":\"Johanna Konttinen\"},\"url\":\"https:\/\/upglobal.net\/fi\/author\/johanna\/\"}]}<\/script>\n<!-- \/ Yoast SEO plugin. -->","yoast_head_json":{"title":"Paras vuosi ikin\u00e4 \u2013 vaihtovuosi USA:ssa - UP Global","description":"Millaista on viett\u00e4\u00e4 vaihtovuosi USA:ssa? Saana kertoo kokemuksistaan vaihto-oppilaana, is\u00e4nt\u00e4perheest\u00e4, koulusta ja yst\u00e4vist\u00e4...","robots":{"index":"index","follow":"follow","max-snippet":"max-snippet:-1","max-image-preview":"max-image-preview:large","max-video-preview":"max-video-preview:-1"},"canonical":"https:\/\/upglobal.net\/fi\/paras-vuosi-ikina-vaihtovuosi-usassa\/","og_locale":"fi_FI","og_type":"article","og_title":"Paras vuosi ikin\u00e4 \u2013 vaihtovuosi USA:ssa - UP Global","og_description":"Millaista on viett\u00e4\u00e4 vaihtovuosi USA:ssa? Saana kertoo kokemuksistaan vaihto-oppilaana, is\u00e4nt\u00e4perheest\u00e4, koulusta ja yst\u00e4vist\u00e4...","og_url":"https:\/\/upglobal.net\/fi\/paras-vuosi-ikina-vaihtovuosi-usassa\/","og_site_name":"UP Global","article_published_time":"2026-09-03T06:40:52+00:00","article_modified_time":"2026-09-03T06:40:56+00:00","og_image":[{"width":1550,"height":750,"url":"https:\/\/upglobal.net\/wp-content\/uploads\/2026\/08\/saana-vaihtarina-isantaperheessa-usa.jpg","type":"image\/jpeg"}],"author":"Johanna Konttinen","twitter_card":"summary_large_image","twitter_misc":{"Kirjoittanut":"Johanna Konttinen","Arvioitu lukuaika":"7 minuuttia"},"schema":{"@context":"https:\/\/schema.org","@graph":[{"@type":"Article","@id":"https:\/\/upglobal.net\/paras-vuosi-ikina-vaihtovuosi-usassa\/#article","isPartOf":{"@id":"https:\/\/upglobal.net\/paras-vuosi-ikina-vaihtovuosi-usassa\/"},"author":{"name":"Johanna Konttinen","@id":"https:\/\/upglobal.net\/fi\/#\/schema\/person\/e0025926cad268db044d9c8fd76e0173"},"headline":"Paras vuosi ikin\u00e4 \u2013 vaihtovuosi USA:ssa","datePublished":"2026-09-03T06:40:52+00:00","dateModified":"2026-09-03T06:40:56+00:00","mainEntityOfPage":{"@id":"https:\/\/upglobal.net\/paras-vuosi-ikina-vaihtovuosi-usassa\/"},"wordCount":905,"commentCount":0,"publisher":{"@id":"https:\/\/upglobal.net\/fi\/#organization"},"image":{"@id":"https:\/\/upglobal.net\/paras-vuosi-ikina-vaihtovuosi-usassa\/#primaryimage"},"thumbnailUrl":"https:\/\/upglobal.net\/wp-content\/uploads\/2026\/08\/saana-vaihtarina-isantaperheessa-usa.jpg","keywords":["amerikkalainen high school","is\u00e4nt\u00e4perhe USA","vaihto-oppilaaksi USA:han","vaihto-oppilaan kokemuksia","vaihto-oppilas USA:ssa","vaihto-oppilaskokemus USA","vaihto-oppilasvuosi USA:ssa","vaihtovuosi USA:ssa"],"articleSection":["Blogit"],"inLanguage":"fi","potentialAction":[{"@type":"CommentAction","name":"Comment","target":["https:\/\/upglobal.net\/paras-vuosi-ikina-vaihtovuosi-usassa\/#respond"]}]},{"@type":"WebPage","@id":"https:\/\/upglobal.net\/paras-vuosi-ikina-vaihtovuosi-usassa\/","url":"https:\/\/upglobal.net\/paras-vuosi-ikina-vaihtovuosi-usassa\/","name":"Paras vuosi ikin\u00e4 \u2013 vaihtovuosi USA:ssa - UP Global","isPartOf":{"@id":"https:\/\/upglobal.net\/fi\/#website"},"primaryImageOfPage":{"@id":"https:\/\/upglobal.net\/paras-vuosi-ikina-vaihtovuosi-usassa\/#primaryimage"},"image":{"@id":"https:\/\/upglobal.net\/paras-vuosi-ikina-vaihtovuosi-usassa\/#primaryimage"},"thumbnailUrl":"https:\/\/upglobal.net\/wp-content\/uploads\/2026\/08\/saana-vaihtarina-isantaperheessa-usa.jpg","datePublished":"2026-09-03T06:40:52+00:00","dateModified":"2026-09-03T06:40:56+00:00","description":"Millaista on viett\u00e4\u00e4 vaihtovuosi USA:ssa? Saana kertoo kokemuksistaan vaihto-oppilaana, is\u00e4nt\u00e4perheest\u00e4, koulusta ja yst\u00e4vist\u00e4...","breadcrumb":{"@id":"https:\/\/upglobal.net\/paras-vuosi-ikina-vaihtovuosi-usassa\/#breadcrumb"},"inLanguage":"fi","potentialAction":[{"@type":"ReadAction","target":["https:\/\/upglobal.net\/paras-vuosi-ikina-vaihtovuosi-usassa\/"]}]},{"@type":"ImageObject","inLanguage":"fi","@id":"https:\/\/upglobal.net\/paras-vuosi-ikina-vaihtovuosi-usassa\/#primaryimage","url":"https:\/\/upglobal.net\/wp-content\/uploads\/2026\/08\/saana-vaihtarina-isantaperheessa-usa.jpg","contentUrl":"https:\/\/upglobal.net\/wp-content\/uploads\/2026\/08\/saana-vaihtarina-isantaperheessa-usa.jpg","width":1550,"height":750},{"@type":"BreadcrumbList","@id":"https:\/\/upglobal.net\/paras-vuosi-ikina-vaihtovuosi-usassa\/#breadcrumb","itemListElement":[{"@type":"ListItem","position":1,"name":"Home","item":"https:\/\/upglobal.net\/"},{"@type":"ListItem","position":2,"name":"Paras vuosi ikin\u00e4 \u2013 vaihtovuosi USA:ssa"}]},{"@type":"WebSite","@id":"https:\/\/upglobal.net\/fi\/#website","url":"https:\/\/upglobal.net\/fi\/","name":"UP Global","description":"","publisher":{"@id":"https:\/\/upglobal.net\/fi\/#organization"},"potentialAction":[{"@type":"SearchAction","target":{"@type":"EntryPoint","urlTemplate":"https:\/\/upglobal.net\/fi\/?s={search_term_string}"},"query-input":{"@type":"PropertyValueSpecification","valueRequired":true,"valueName":"search_term_string"}}],"inLanguage":"fi"},{"@type":"Organization","@id":"https:\/\/upglobal.net\/fi\/#organization","name":"UP Global","url":"https:\/\/upglobal.net\/fi\/","logo":{"@type":"ImageObject","inLanguage":"fi","@id":"https:\/\/upglobal.net\/fi\/#\/schema\/logo\/image\/","url":"https:\/\/upglobal.net\/wp-content\/uploads\/2024\/03\/UP_logo_RGB_01_sinharmaa.svg","contentUrl":"https:\/\/upglobal.net\/wp-content\/uploads\/2024\/03\/UP_logo_RGB_01_sinharmaa.svg","caption":"UP Global"},"image":{"@id":"https:\/\/upglobal.net\/fi\/#\/schema\/logo\/image\/"}},{"@type":"Person","@id":"https:\/\/upglobal.net\/fi\/#\/schema\/person\/e0025926cad268db044d9c8fd76e0173","name":"Johanna Konttinen","image":{"@type":"ImageObject","inLanguage":"fi","@id":"https:\/\/upglobal.net\/fi\/#\/schema\/person\/image\/","url":"https:\/\/secure.gravatar.com\/avatar\/22004c6df05679c35e956f11ec4688e56dff8d556406b87baeda81214e80e577?s=96&d=mm&r=g","contentUrl":"https:\/\/secure.gravatar.com\/avatar\/22004c6df05679c35e956f11ec4688e56dff8d556406b87baeda81214e80e577?s=96&d=mm&r=g","caption":"Johanna Konttinen"},"url":"https:\/\/upglobal.net\/fi\/author\/johanna\/"}]}},"_links":{"self":[{"href":"https:\/\/upglobal.net\/fi\/wp-json\/wp\/v2\/posts\/15257","targetHints":{"allow":["GET"]}}],"collection":[{"href":"https:\/\/upglobal.net\/fi\/wp-json\/wp\/v2\/posts"}],"about":[{"href":"https:\/\/upglobal.net\/fi\/wp-json\/wp\/v2\/types\/post"}],"author":[{"embeddable":true,"href":"https:\/\/upglobal.net\/fi\/wp-json\/wp\/v2\/users\/14"}],"replies":[{"embeddable":true,"href":"https:\/\/upglobal.net\/fi\/wp-json\/wp\/v2\/comments?post=15257"}],"version-history":[{"count":17,"href":"https:\/\/upglobal.net\/fi\/wp-json\/wp\/v2\/posts\/15257\/revisions"}],"predecessor-version":[{"id":15288,"href":"https:\/\/upglobal.net\/fi\/wp-json\/wp\/v2\/posts\/15257\/revisions\/15288"}],"wp:featuredmedia":[{"embeddable":true,"href":"https:\/\/upglobal.net\/fi\/wp-json\/wp\/v2\/media\/15268"}],"wp:attachment":[{"href":"https:\/\/upglobal.net\/fi\/wp-json\/wp\/v2\/media?parent=15257"}],"wp:term":[{"taxonomy":"category","embeddable":true,"href":"https:\/\/upglobal.net\/fi\/wp-json\/wp\/v2\/categories?post=15257"},{"taxonomy":"post_tag","embeddable":true,"href":"https:\/\/upglobal.net\/fi\/wp-json\/wp\/v2\/tags?post=15257"}],"curies":[{"name":"wp","href":"https:\/\/api.w.org\/{rel}","templated":true}]}}